{"id":26210,"date":"2022-01-11T07:28:50","date_gmt":"2022-01-11T07:28:50","guid":{"rendered":"https:\/\/wp.kodesolution.live\/2021\/nonprofit\/ecoife\/blog\/2021\/10\/16\/protect-the-whole-world-environment-3\/"},"modified":"2023-12-20T13:08:31","modified_gmt":"2023-12-20T12:08:31","slug":"international-day-of-forests-2022","status":"publish","type":"post","link":"https:\/\/endangeredconservation.org\/index.php\/2022\/01\/11\/international-day-of-forests-2022\/","title":{"rendered":"Historias de \u00c9xito: Conservaci\u00f3n de Especies Emblem\u00e1ticas en Am\u00e9rica Latina"},"content":{"rendered":"\t\t<div data-elementor-type=\"wp-post\" data-elementor-id=\"26210\" class=\"elementor elementor-26210\" data-elementor-post-type=\"post\">\n\t\t\t\t\t\t<section class=\"elementor-section elementor-top-section elementor-element elementor-element-0784943 elementor-section-boxed elementor-section-height-default elementor-section-height-default tm-col-stretched-none tm-bg-color-over-image\" data-id=\"0784943\" data-element_type=\"section\">\n\t\t\t\t\t\t<div class=\"elementor-container elementor-column-gap-no\">\n\t\t\t\t\t<div class=\"elementor-column elementor-col-100 elementor-top-column elementor-element elementor-element-6244646 tm-bg-color-over-image\" data-id=\"6244646\" data-element_type=\"column\">\n\t\t\t<div class=\"elementor-widget-wrap elementor-element-populated\">\n\t\t\t\t\t\t<div class=\"elementor-element elementor-element-c0d2594 elementor-widget elementor-widget-text-editor\" data-id=\"c0d2594\" data-element_type=\"widget\" data-widget_type=\"text-editor.default\">\n\t\t\t\t<div class=\"elementor-widget-container\">\n\t\t\t\t\t\t\t\t\t<h3>Conservaci\u00f3n de especies emblem\u00e1ticas en Am\u00e9rica latina<\/h3>\t\t\t\t\t\t\t\t<\/div>\n\t\t\t\t<\/div>\n\t\t\t\t<div class=\"elementor-element elementor-element-ed5f1a9 elementor-widget elementor-widget-text-editor\" data-id=\"ed5f1a9\" data-element_type=\"widget\" data-widget_type=\"text-editor.default\">\n\t\t\t\t<div class=\"elementor-widget-container\">\n\t\t\t\t\t\t\t\t\t<p>En medio de los desaf\u00edos que enfrenta la biodiversidad en Am\u00e9rica Latina, tambi\u00e9n hay historias inspiradoras de \u00e9xito en la conservaci\u00f3n de especies emblem\u00e1ticas. En esta entrada, queremos compartir algunas de estas historias positivas que resaltan la importancia de la colaboraci\u00f3n, la innovaci\u00f3n y el compromiso a largo plazo.<\/p><p>Desde el renacer de poblaciones de jaguares en \u00e1reas protegidas hasta la exitosa reintroducci\u00f3n de c\u00f3ndores en sus h\u00e1bitats naturales, estas historias muestran que la conservaci\u00f3n puede marcar la diferencia. Adem\u00e1s, destacaremos c\u00f3mo la participaci\u00f3n de las comunidades locales, la investigaci\u00f3n cient\u00edfica y las alianzas estrat\u00e9gicas son elementos clave en el \u00e9xito de estos proyectos.<\/p><p>Al celebrar estas historias de \u00e9xito, pretendemos inspirar a otros a unirse a nosotros en nuestro compromiso de conservar el medio ambiente y las especies end\u00e9micas en Am\u00e9rica Latina. Cada peque\u00f1a contribuci\u00f3n suma, y juntos podemos construir un futuro m\u00e1s sostenible y equitativo para nuestra regi\u00f3n y el planeta.<\/p>\t\t\t\t\t\t\t\t<\/div>\n\t\t\t\t<\/div>\n\t\t\t\t\t<\/div>\n\t\t<\/div>\n\t\t\t\t\t<\/div>\n\t\t<\/section>\n\t\t\t\t<\/div>\n\t\t","protected":false},"excerpt":{"rendered":"<p>Conservaci\u00f3n de especies emblem\u00e1ticas en Am\u00e9rica latina En medio de los desaf\u00edos que enfrenta la biodiversidad en Am\u00e9rica Latina, tambi\u00e9n&#8230;<\/p>\n","protected":false},"author":1,"featured_media":26106,"comment_status":"open","ping_status":"open","sticky":false,"template":"","format":"standard","meta":{"give_campaign_id":0,"footnotes":""},"categories":[16],"tags":[],"class_list":["post-26210","post","type-post","status-publish","format-standard","has-post-thumbnail","hentry","category-animal-care"],"yoast_head":"<!-- This site is optimized with the Yoast SEO plugin v26.7 - https:\/\/yoast.com\/wordpress\/plugins\/seo\/ -->\n<title>Historias de \u00c9xito: Conservaci\u00f3n de Especies Emblem\u00e1ticas en Am\u00e9rica Latina - Engadgered Conservation<\/title>\n<meta name=\"robots\" content=\"index, follow, max-snippet:-1, max-image-preview:large, max-video-preview:-1\" \/>\n<link rel=\"canonical\" href=\"https:\/\/endangeredconservation.org\/index.php\/2022\/01\/11\/international-day-of-forests-2022\/\" \/>\n<meta property=\"og:locale\" content=\"es_ES\" \/>\n<meta property=\"og:type\" content=\"article\" \/>\n<meta property=\"og:title\" content=\"Historias de \u00c9xito: Conservaci\u00f3n de Especies Emblem\u00e1ticas en Am\u00e9rica Latina - Engadgered Conservation\" \/>\n<meta property=\"og:description\" content=\"Conservaci\u00f3n de especies emblem\u00e1ticas en Am\u00e9rica latina En medio de los desaf\u00edos que enfrenta la biodiversidad en Am\u00e9rica Latina, tambi\u00e9n...\" \/>\n<meta property=\"og:url\" content=\"https:\/\/endangeredconservation.org\/index.php\/2022\/01\/11\/international-day-of-forests-2022\/\" \/>\n<meta property=\"og:site_name\" content=\"Engadgered Conservation\" \/>\n<meta property=\"article:published_time\" content=\"2022-01-11T07:28:50+00:00\" \/>\n<meta property=\"article:modified_time\" content=\"2023-12-20T12:08:31+00:00\" \/>\n<meta property=\"og:image\" content=\"https:\/\/endangeredconservation.org\/wp-content\/uploads\/2021\/11\/bg10.jpg\" \/>\n\t<meta property=\"og:image:width\" content=\"1920\" \/>\n\t<meta property=\"og:image:height\" content=\"1280\" \/>\n\t<meta property=\"og:image:type\" content=\"image\/jpeg\" \/>\n<meta name=\"author\" content=\"administrador\" \/>\n<meta name=\"twitter:card\" content=\"summary_large_image\" \/>\n<meta name=\"twitter:label1\" content=\"Escrito por\" \/>\n\t<meta name=\"twitter:data1\" content=\"administrador\" \/>\n\t<meta name=\"twitter:label2\" content=\"Tiempo de lectura\" \/>\n\t<meta name=\"twitter:data2\" content=\"1 minuto\" \/>\n<script type=\"application\/ld+json\" class=\"yoast-schema-graph\">{\"@context\":\"https:\/\/schema.org\",\"@graph\":[{\"@type\":\"Article\",\"@id\":\"https:\/\/endangeredconservation.org\/index.php\/2022\/01\/11\/international-day-of-forests-2022\/#article\",\"isPartOf\":{\"@id\":\"https:\/\/endangeredconservation.org\/index.php\/2022\/01\/11\/international-day-of-forests-2022\/\"},\"author\":{\"name\":\"administrador\",\"@id\":\"https:\/\/endangeredconservation.org\/#\/schema\/person\/194266670b0c5d66f023a75d84636a2d\"},\"headline\":\"Historias de \u00c9xito: Conservaci\u00f3n de Especies Emblem\u00e1ticas en Am\u00e9rica Latina\",\"datePublished\":\"2022-01-11T07:28:50+00:00\",\"dateModified\":\"2023-12-20T12:08:31+00:00\",\"mainEntityOfPage\":{\"@id\":\"https:\/\/endangeredconservation.org\/index.php\/2022\/01\/11\/international-day-of-forests-2022\/\"},\"wordCount\":199,\"commentCount\":0,\"image\":{\"@id\":\"https:\/\/endangeredconservation.org\/index.php\/2022\/01\/11\/international-day-of-forests-2022\/#primaryimage\"},\"thumbnailUrl\":\"https:\/\/endangeredconservation.org\/wp-content\/uploads\/2021\/11\/bg10.jpg\",\"articleSection\":[\"Animal Care\"],\"inLanguage\":\"es\",\"potentialAction\":[{\"@type\":\"CommentAction\",\"name\":\"Comment\",\"target\":[\"https:\/\/endangeredconservation.org\/index.php\/2022\/01\/11\/international-day-of-forests-2022\/#respond\"]}]},{\"@type\":\"WebPage\",\"@id\":\"https:\/\/endangeredconservation.org\/index.php\/2022\/01\/11\/international-day-of-forests-2022\/\",\"url\":\"https:\/\/endangeredconservation.org\/index.php\/2022\/01\/11\/international-day-of-forests-2022\/\",\"name\":\"Historias de \u00c9xito: Conservaci\u00f3n de Especies Emblem\u00e1ticas en Am\u00e9rica Latina - Engadgered Conservation\",\"isPartOf\":{\"@id\":\"https:\/\/endangeredconservation.org\/#website\"},\"primaryImageOfPage\":{\"@id\":\"https:\/\/endangeredconservation.org\/index.php\/2022\/01\/11\/international-day-of-forests-2022\/#primaryimage\"},\"image\":{\"@id\":\"https:\/\/endangeredconservation.org\/index.php\/2022\/01\/11\/international-day-of-forests-2022\/#primaryimage\"},\"thumbnailUrl\":\"https:\/\/endangeredconservation.org\/wp-content\/uploads\/2021\/11\/bg10.jpg\",\"datePublished\":\"2022-01-11T07:28:50+00:00\",\"dateModified\":\"2023-12-20T12:08:31+00:00\",\"author\":{\"@id\":\"https:\/\/endangeredconservation.org\/#\/schema\/person\/194266670b0c5d66f023a75d84636a2d\"},\"breadcrumb\":{\"@id\":\"https:\/\/endangeredconservation.org\/index.php\/2022\/01\/11\/international-day-of-forests-2022\/#breadcrumb\"},\"inLanguage\":\"es\",\"potentialAction\":[{\"@type\":\"ReadAction\",\"target\":[\"https:\/\/endangeredconservation.org\/index.php\/2022\/01\/11\/international-day-of-forests-2022\/\"]}]},{\"@type\":\"ImageObject\",\"inLanguage\":\"es\",\"@id\":\"https:\/\/endangeredconservation.org\/index.php\/2022\/01\/11\/international-day-of-forests-2022\/#primaryimage\",\"url\":\"https:\/\/endangeredconservation.org\/wp-content\/uploads\/2021\/11\/bg10.jpg\",\"contentUrl\":\"https:\/\/endangeredconservation.org\/wp-content\/uploads\/2021\/11\/bg10.jpg\",\"width\":1920,\"height\":1280},{\"@type\":\"BreadcrumbList\",\"@id\":\"https:\/\/endangeredconservation.org\/index.php\/2022\/01\/11\/international-day-of-forests-2022\/#breadcrumb\",\"itemListElement\":[{\"@type\":\"ListItem\",\"position\":1,\"name\":\"Portada\",\"item\":\"https:\/\/endangeredconservation.org\/\"},{\"@type\":\"ListItem\",\"position\":2,\"name\":\"Historias de \u00c9xito: Conservaci\u00f3n de Especies Emblem\u00e1ticas en Am\u00e9rica Latina\"}]},{\"@type\":\"WebSite\",\"@id\":\"https:\/\/endangeredconservation.org\/#website\",\"url\":\"https:\/\/endangeredconservation.org\/\",\"name\":\"Engadgered Conservation\",\"description\":\"\",\"potentialAction\":[{\"@type\":\"SearchAction\",\"target\":{\"@type\":\"EntryPoint\",\"urlTemplate\":\"https:\/\/endangeredconservation.org\/?s={search_term_string}\"},\"query-input\":{\"@type\":\"PropertyValueSpecification\",\"valueRequired\":true,\"valueName\":\"search_term_string\"}}],\"inLanguage\":\"es\"},{\"@type\":\"Person\",\"@id\":\"https:\/\/endangeredconservation.org\/#\/schema\/person\/194266670b0c5d66f023a75d84636a2d\",\"name\":\"administrador\",\"image\":{\"@type\":\"ImageObject\",\"inLanguage\":\"es\",\"@id\":\"https:\/\/endangeredconservation.org\/#\/schema\/person\/image\/\",\"url\":\"https:\/\/secure.gravatar.com\/avatar\/381ff7963f0167c79f6beecc907075210df80d022b2bd06e3c2aafb5ec6d5081?s=96&d=mm&r=g\",\"contentUrl\":\"https:\/\/secure.gravatar.com\/avatar\/381ff7963f0167c79f6beecc907075210df80d022b2bd06e3c2aafb5ec6d5081?s=96&d=mm&r=g\",\"caption\":\"administrador\"},\"sameAs\":[\"https:\/\/endangeredconservation.org\"],\"url\":\"https:\/\/endangeredconservation.org\/index.php\/author\/administrador\/\"}]}<\/script>\n<!-- \/ Yoast SEO plugin. -->","yoast_head_json":{"title":"Historias de \u00c9xito: Conservaci\u00f3n de Especies Emblem\u00e1ticas en Am\u00e9rica Latina - Engadgered Conservation","robots":{"index":"index","follow":"follow","max-snippet":"max-snippet:-1","max-image-preview":"max-image-preview:large","max-video-preview":"max-video-preview:-1"},"canonical":"https:\/\/endangeredconservation.org\/index.php\/2022\/01\/11\/international-day-of-forests-2022\/","og_locale":"es_ES","og_type":"article","og_title":"Historias de \u00c9xito: Conservaci\u00f3n de Especies Emblem\u00e1ticas en Am\u00e9rica Latina - Engadgered Conservation","og_description":"Conservaci\u00f3n de especies emblem\u00e1ticas en Am\u00e9rica latina En medio de los desaf\u00edos que enfrenta la biodiversidad en Am\u00e9rica Latina, tambi\u00e9n...","og_url":"https:\/\/endangeredconservation.org\/index.php\/2022\/01\/11\/international-day-of-forests-2022\/","og_site_name":"Engadgered Conservation","article_published_time":"2022-01-11T07:28:50+00:00","article_modified_time":"2023-12-20T12:08:31+00:00","og_image":[{"width":1920,"height":1280,"url":"https:\/\/endangeredconservation.org\/wp-content\/uploads\/2021\/11\/bg10.jpg","type":"image\/jpeg"}],"author":"administrador","twitter_card":"summary_large_image","twitter_misc":{"Escrito por":"administrador","Tiempo de lectura":"1 minuto"},"schema":{"@context":"https:\/\/schema.org","@graph":[{"@type":"Article","@id":"https:\/\/endangeredconservation.org\/index.php\/2022\/01\/11\/international-day-of-forests-2022\/#article","isPartOf":{"@id":"https:\/\/endangeredconservation.org\/index.php\/2022\/01\/11\/international-day-of-forests-2022\/"},"author":{"name":"administrador","@id":"https:\/\/endangeredconservation.org\/#\/schema\/person\/194266670b0c5d66f023a75d84636a2d"},"headline":"Historias de \u00c9xito: Conservaci\u00f3n de Especies Emblem\u00e1ticas en Am\u00e9rica Latina","datePublished":"2022-01-11T07:28:50+00:00","dateModified":"2023-12-20T12:08:31+00:00","mainEntityOfPage":{"@id":"https:\/\/endangeredconservation.org\/index.php\/2022\/01\/11\/international-day-of-forests-2022\/"},"wordCount":199,"commentCount":0,"image":{"@id":"https:\/\/endangeredconservation.org\/index.php\/2022\/01\/11\/international-day-of-forests-2022\/#primaryimage"},"thumbnailUrl":"https:\/\/endangeredconservation.org\/wp-content\/uploads\/2021\/11\/bg10.jpg","articleSection":["Animal Care"],"inLanguage":"es","potentialAction":[{"@type":"CommentAction","name":"Comment","target":["https:\/\/endangeredconservation.org\/index.php\/2022\/01\/11\/international-day-of-forests-2022\/#respond"]}]},{"@type":"WebPage","@id":"https:\/\/endangeredconservation.org\/index.php\/2022\/01\/11\/international-day-of-forests-2022\/","url":"https:\/\/endangeredconservation.org\/index.php\/2022\/01\/11\/international-day-of-forests-2022\/","name":"Historias de \u00c9xito: Conservaci\u00f3n de Especies Emblem\u00e1ticas en Am\u00e9rica Latina - Engadgered Conservation","isPartOf":{"@id":"https:\/\/endangeredconservation.org\/#website"},"primaryImageOfPage":{"@id":"https:\/\/endangeredconservation.org\/index.php\/2022\/01\/11\/international-day-of-forests-2022\/#primaryimage"},"image":{"@id":"https:\/\/endangeredconservation.org\/index.php\/2022\/01\/11\/international-day-of-forests-2022\/#primaryimage"},"thumbnailUrl":"https:\/\/endangeredconservation.org\/wp-content\/uploads\/2021\/11\/bg10.jpg","datePublished":"2022-01-11T07:28:50+00:00","dateModified":"2023-12-20T12:08:31+00:00","author":{"@id":"https:\/\/endangeredconservation.org\/#\/schema\/person\/194266670b0c5d66f023a75d84636a2d"},"breadcrumb":{"@id":"https:\/\/endangeredconservation.org\/index.php\/2022\/01\/11\/international-day-of-forests-2022\/#breadcrumb"},"inLanguage":"es","potentialAction":[{"@type":"ReadAction","target":["https:\/\/endangeredconservation.org\/index.php\/2022\/01\/11\/international-day-of-forests-2022\/"]}]},{"@type":"ImageObject","inLanguage":"es","@id":"https:\/\/endangeredconservation.org\/index.php\/2022\/01\/11\/international-day-of-forests-2022\/#primaryimage","url":"https:\/\/endangeredconservation.org\/wp-content\/uploads\/2021\/11\/bg10.jpg","contentUrl":"https:\/\/endangeredconservation.org\/wp-content\/uploads\/2021\/11\/bg10.jpg","width":1920,"height":1280},{"@type":"BreadcrumbList","@id":"https:\/\/endangeredconservation.org\/index.php\/2022\/01\/11\/international-day-of-forests-2022\/#breadcrumb","itemListElement":[{"@type":"ListItem","position":1,"name":"Portada","item":"https:\/\/endangeredconservation.org\/"},{"@type":"ListItem","position":2,"name":"Historias de \u00c9xito: Conservaci\u00f3n de Especies Emblem\u00e1ticas en Am\u00e9rica Latina"}]},{"@type":"WebSite","@id":"https:\/\/endangeredconservation.org\/#website","url":"https:\/\/endangeredconservation.org\/","name":"Engadgered Conservation","description":"","potentialAction":[{"@type":"SearchAction","target":{"@type":"EntryPoint","urlTemplate":"https:\/\/endangeredconservation.org\/?s={search_term_string}"},"query-input":{"@type":"PropertyValueSpecification","valueRequired":true,"valueName":"search_term_string"}}],"inLanguage":"es"},{"@type":"Person","@id":"https:\/\/endangeredconservation.org\/#\/schema\/person\/194266670b0c5d66f023a75d84636a2d","name":"administrador","image":{"@type":"ImageObject","inLanguage":"es","@id":"https:\/\/endangeredconservation.org\/#\/schema\/person\/image\/","url":"https:\/\/secure.gravatar.com\/avatar\/381ff7963f0167c79f6beecc907075210df80d022b2bd06e3c2aafb5ec6d5081?s=96&d=mm&r=g","contentUrl":"https:\/\/secure.gravatar.com\/avatar\/381ff7963f0167c79f6beecc907075210df80d022b2bd06e3c2aafb5ec6d5081?s=96&d=mm&r=g","caption":"administrador"},"sameAs":["https:\/\/endangeredconservation.org"],"url":"https:\/\/endangeredconservation.org\/index.php\/author\/administrador\/"}]}},"wpcf_dashboard":"<div class=\"woocommerce\"><div class=\"woocommerce-info\">Por favor, \u00bfaccedes primero? <a class=\"wpneoShowLogin\" href=\"#\">Haz clic aqu\u00ed para acceder<\/a><\/div><div class=\"wpneo_login_form_div\" style=\"display: none;\"><form name=\"loginform\" id=\"loginform\" action=\"https:\/\/endangeredconservation.org\/wp-login.php\" method=\"post\"><p class=\"login-username\">\n\t\t\t\t<label for=\"user_login\">Nombre de usuario o correo electr\u00f3nico<\/label>\n\t\t\t\t<input type=\"text\" name=\"log\" id=\"user_login\" autocomplete=\"username\" class=\"input\" value=\"\" size=\"20\" \/>\n\t\t\t<\/p><p class=\"login-password\">\n\t\t\t\t<label for=\"user_pass\">Contrase\u00f1a<\/label>\n\t\t\t\t<input type=\"password\" name=\"pwd\" id=\"user_pass\" autocomplete=\"current-password\" spellcheck=\"false\" class=\"input\" value=\"\" size=\"20\" \/>\n\t\t\t<\/p><p class=\"login-remember\"><label><input name=\"rememberme\" type=\"checkbox\" id=\"rememberme\" value=\"forever\" \/> Recu\u00e9rdame<\/label><\/p><p class=\"login-submit\">\n\t\t\t\t<input type=\"submit\" name=\"wp-submit\" id=\"wp-submit\" class=\"button button-primary\" value=\"Acceder\" \/>\n\t\t\t\t<input type=\"hidden\" name=\"redirect_to\" value=\"https:\/\/endangeredconservation.org\/index.php\/wp-json\/wp\/v2\/posts\/26210\" \/>\n\t\t\t<\/p><\/form><\/div><\/div>","_links":{"self":[{"href":"https:\/\/endangeredconservation.org\/index.php\/wp-json\/wp\/v2\/posts\/26210","targetHints":{"allow":["GET"]}}],"collection":[{"href":"https:\/\/endangeredconservation.org\/index.php\/wp-json\/wp\/v2\/posts"}],"about":[{"href":"https:\/\/endangeredconservation.org\/index.php\/wp-json\/wp\/v2\/types\/post"}],"author":[{"embeddable":true,"href":"https:\/\/endangeredconservation.org\/index.php\/wp-json\/wp\/v2\/users\/1"}],"replies":[{"embeddable":true,"href":"https:\/\/endangeredconservation.org\/index.php\/wp-json\/wp\/v2\/comments?post=26210"}],"version-history":[{"count":0,"href":"https:\/\/endangeredconservation.org\/index.php\/wp-json\/wp\/v2\/posts\/26210\/revisions"}],"wp:featuredmedia":[{"embeddable":true,"href":"https:\/\/endangeredconservation.org\/index.php\/wp-json\/wp\/v2\/media\/26106"}],"wp:attachment":[{"href":"https:\/\/endangeredconservation.org\/index.php\/wp-json\/wp\/v2\/media?parent=26210"}],"wp:term":[{"taxonomy":"category","embeddable":true,"href":"https:\/\/endangeredconservation.org\/index.php\/wp-json\/wp\/v2\/categories?post=26210"},{"taxonomy":"post_tag","embeddable":true,"href":"https:\/\/endangeredconservation.org\/index.php\/wp-json\/wp\/v2\/tags?post=26210"}],"curies":[{"name":"wp","href":"https:\/\/api.w.org\/{rel}","templated":true}]}}